{"id":10378,"global_id":"shalom.org.pl\/en?id=10378","global_id_lineage":["shalom.org.pl\/en?id=10378"],"author":"5","status":"publish","date":"2020-07-18 12:06:58","date_utc":"2020-07-18 10:06:58","modified":"2020-11-06 13:29:23","modified_utc":"2020-11-06 12:29:23","url":"https:\/\/shalom.org.pl\/en\/event\/zakonczenie-18-miedzynarodowego-seminarium-jezyka-i-kultury-jidysz\/","rest_url":"https:\/\/shalom.org.pl\/en\/wp-json\/tribe\/events\/v1\/events\/10378","title":"Zako\u0144czenie 18. Mi\u0119dzynarodowego Seminarium J\u0119zyka i Kultury Jidysz","description":"<p>Pi\u0105tkowy wiecz\u00f3r w CKJ by\u0142 wyj\u0105tkowy &#8211; kilkadziesi\u0105t os\u00f3b z kraj\u00f3w na kilku kontynentach spotka\u0142o si\u0119 online, by podsumowa\u0107 18. Mi\u0119dzynarodowe Seminarium J\u0119zyka i Kultury Jidysz, kt\u00f3re trwa\u0142o od 29 czerwca do 17 lipca. To pierwszy kurs, kt\u00f3ry odbywa\u0142 si\u0119 ca\u0142kowicie zdalnie. Dzi\u0119ki determinacji nauczycieli, organizator\u00f3w oraz s\u0142uchaczy, okaza\u0142 si\u0119 niebywa\u0142ym sukcesem.<\/p>\n<div>Studenci z Australii, Europy i Ameryki prezentowali zdobyte w ci\u0105gu trzech tygodni umiej\u0119tno\u015bci. Za ich wysi\u0142ek podzi\u0119kowa\u0142a im Hanna Pa\u0142uba, wicedyrektor Teatru \u017bydowskiego. &#8211; Mam nadziej\u0119, \u017ce spotkamy si\u0119 w Warszawie w kolejnym roku. Nauka online przez trzy tygodnie by\u0142a dla wszystkich wyzwaniem &#8211; powiedzia\u0142a.<\/div>\n<div>\n<p>R\u00f3wnie\u017c dla Go\u0142dy Tencer jest bardzo wa\u017cne, \u017ce tak wiele os\u00f3b zdecydowa\u0142o si\u0119 bra\u0107 udzia\u0142 w kursie. Dyrektor Teatru \u017bydowskiego i za\u0142o\u017cycielka Fundacji Shalom planuje ju\u017c kolejny projekt mi\u0119dzynarodowy, w kt\u00f3ry mieliby zosta\u0107 w\u0142\u0105czeni absolwenci Seminarium.- Nauka w tym roku by\u0142a dla nas technicznym wyzwaniem. Robili\u015bmy to po raz pierwszy. To dla nas lekcja na kolejny rok, chocia\u017c mam nadziej\u0119, \u017ce spotkamy si\u0119 w Warszawie &#8211; zapewnia Hanna Pa\u0142uba. &#8211; Dzi\u0119kuj\u0119 za ci\u0119\u017ck\u0105 prac\u0119 i bycie z nami.<\/p>\n<\/div>\n<div>&nbsp;<\/div>\n<div>\n\n\t\t<style type=\"text\/css\">\n\t\t\t#gallery-1 {\n\t\t\t\tmargin: auto;\n\t\t\t}\n\t\t\t#gallery-1 .gallery-item {\n\t\t\t\tfloat: left;\n\t\t\t\tmargin-top: 10px;\n\t\t\t\ttext-align: center;\n\t\t\t\twidth: 33%;\n\t\t\t}\n\t\t\t#gallery-1 img {\n\t\t\t\tborder: 2px solid #cfcfcf;\n\t\t\t}\n\t\t\t#gallery-1 .gallery-caption {\n\t\t\t\tmargin-left: 0;\n\t\t\t}\n\t\t\t\/* see gallery_shortcode() in wp-includes\/media.php *\/\n\t\t<\/style>\n\t\t<div id='gallery-1' class='gallery galleryid-0 gallery-columns-3 gallery-size-thumbnail'><dl class='gallery-item'>\n\t\t\t<dt class='gallery-icon landscape'>\n\t\t\t\t<a href='https:\/\/shalom.org.pl\/en\/event\/zakonczenie-18-miedzynarodowego-seminarium-jezyka-i-kultury-jidysz\/seminarium-zakonczenie-2020-2\/'><img fetchpriority=\"high\" decoding=\"async\" width=\"300\" height=\"300\" src=\"https:\/\/shalom.org.pl\/wp-content\/uploads\/2020\/07\/Seminarium-zakonczenie-2020-2-300x300.jpg\" class=\"attachment-thumbnail size-thumbnail\" alt=\"\" \/><\/a>\n\t\t\t<\/dt><\/dl><dl class='gallery-item'>\n\t\t\t<dt class='gallery-icon landscape'>\n\t\t\t\t<a href='https:\/\/shalom.org.pl\/en\/event\/zakonczenie-18-miedzynarodowego-seminarium-jezyka-i-kultury-jidysz\/seminarium-zakonczenie-2020-3\/'><img decoding=\"async\" width=\"300\" height=\"300\" src=\"https:\/\/shalom.org.pl\/wp-content\/uploads\/2020\/07\/Seminarium-zakonczenie-2020-3-300x300.jpg\" class=\"attachment-thumbnail size-thumbnail\" alt=\"\" \/><\/a>\n\t\t\t<\/dt><\/dl><dl class='gallery-item'>\n\t\t\t<dt class='gallery-icon landscape'>\n\t\t\t\t<a href='https:\/\/shalom.org.pl\/en\/event\/zakonczenie-18-miedzynarodowego-seminarium-jezyka-i-kultury-jidysz\/seminarium-zakonczenie-2020\/'><img decoding=\"async\" width=\"300\" height=\"300\" src=\"https:\/\/shalom.org.pl\/wp-content\/uploads\/2020\/07\/Seminarium-zakonczenie-2020-300x300.jpg\" class=\"attachment-thumbnail size-thumbnail\" alt=\"\" \/><\/a>\n\t\t\t<\/dt><\/dl><br style=\"clear: both\" \/>\n\t\t<\/div>\n\n<p>Uczniowie Reyze Turner zaprezentowali napisane w ramach zaj\u0119\u0107 eseje. Uczestnicy warsztat\u00f3w tw\u00f3rczego pisania w jidysz prowadzonych przez Ethel Niborski przeczytali stworzone przez siebie utwory. Byli r\u00f3wnie\u017c studenci, kt\u00f3rzy pochwalili si\u0119 swoim talentem wokalnym, \u015bpiewaj\u0105c w jidysz. Ka\u017cdy mia\u0142 okazj\u0119 podzieli\u0107 si\u0119 wra\u017ceniami z zaj\u0119\u0107 i pokaza\u0107 najciekawsze prace.<\/p>\n<p>Na zako\u0144czenie uroczysto\u015bci uczestnicy wsp\u00f3lnie obejrzeli spektakl &#8220;Mazl Tov&#8221; w re\u017cyserii Go\u0142dy Tencer.<\/p>\n<p>Do zobaczenia na kolejnym Seminarium za rok!<\/p>\n<\/div>\n<div>&nbsp;<\/div>\n<div>&nbsp;<\/div>\n<div>\n<hr>\n<\/div>\n<div>&nbsp;<\/div>\n<div>\n<p><span style=\"font-size: 10pt;\"><i>Organizatorem Mi\u0119dzynarodowego Seminarium J\u0119zyka i Kultury Jidysz jest Fundacja Shalom we wsp\u00f3\u0142pracy z Centrum Kultury Jidysz<\/i><\/span><\/p>\n<p>Projekt wsp\u00f3\u0142finansowany przez Ministra Spraw Wewn\u0119trznych i Administracji, Ministra Kultury i Dziedzictwa Narodowego oraz Stowarzyszenie \u017bydowski Instytut Historyczny<\/p>\n<\/div>\n<div><span style=\"font-size: 10pt;\"><i><br \/>\nPatronat nad projektem: Muzeum Historii \u017byd\u00f3w Polskich Polin i \u017bydowski Instytut Historyczny<\/i><\/span><\/div>","excerpt":"","slug":"zakonczenie-18-miedzynarodowego-seminarium-jezyka-i-kultury-jidysz","image":{"url":"https:\/\/shalom.org.pl\/wp-content\/uploads\/2020\/07\/Seminarium-zakonczenie-2020-4.jpg","id":10379,"extension":"jpg","width":1257,"height":809,"sizes":{"thumbnail":{"width":300,"height":300,"mime-type":"image\/jpeg","url":"https:\/\/shalom.org.pl\/wp-content\/uploads\/2020\/07\/Seminarium-zakonczenie-2020-4-300x300.jpg"},"medium":{"width":300,"height":193,"mime-type":"image\/jpeg","url":"https:\/\/shalom.org.pl\/wp-content\/uploads\/2020\/07\/Seminarium-zakonczenie-2020-4-300x193.jpg"},"medium_large":{"width":768,"height":494,"mime-type":"image\/jpeg","url":"https:\/\/shalom.org.pl\/wp-content\/uploads\/2020\/07\/Seminarium-zakonczenie-2020-4-768x494.jpg"},"large":{"width":1024,"height":659,"mime-type":"image\/jpeg","url":"https:\/\/shalom.org.pl\/wp-content\/uploads\/2020\/07\/Seminarium-zakonczenie-2020-4-1024x659.jpg"},"post-thumbnail":{"width":396,"height":255,"mime-type":"image\/jpeg","url":"https:\/\/shalom.org.pl\/wp-content\/uploads\/2020\/07\/Seminarium-zakonczenie-2020-4-396x255.jpg"},"blog-list-post-size":{"width":350,"height":225,"mime-type":"image\/jpeg","url":"https:\/\/shalom.org.pl\/wp-content\/uploads\/2020\/07\/Seminarium-zakonczenie-2020-4-350x225.jpg"}}},"all_day":true,"start_date":"2020-06-29 00:00:00","start_date_details":{"year":"2020","month":"06","day":"29","hour":"00","minutes":"00","seconds":"00"},"end_date":"2020-07-18 23:59:59","end_date_details":{"year":"2020","month":"07","day":"18","hour":"23","minutes":"59","seconds":"59"},"utc_start_date":"2020-06-28 22:00:00","utc_start_date_details":{"year":"2020","month":"06","day":"28","hour":"22","minutes":"00","seconds":"00"},"utc_end_date":"2020-07-18 21:59:59","utc_end_date_details":{"year":"2020","month":"07","day":"18","hour":"21","minutes":"59","seconds":"59"},"timezone":"Europe\/Warsaw","timezone_abbr":"CEST","cost":"","cost_details":{"currency_symbol":"","currency_code":"","currency_position":"prefix","values":[]},"website":"","show_map":true,"show_map_link":true,"hide_from_listings":false,"sticky":true,"featured":false,"categories":[{"name":"edukacja","slug":"edukacja-pl","term_group":0,"term_taxonomy_id":346,"taxonomy":"tribe_events_cat","description":"","parent":0,"count":319,"filter":"raw","id":346,"urls":{"self":"https:\/\/shalom.org.pl\/en\/wp-json\/tribe\/events\/v1\/categories\/346","collection":"https:\/\/shalom.org.pl\/en\/wp-json\/tribe\/events\/v1\/categories"}},{"name":"kultura","slug":"kultura-pl","term_group":0,"term_taxonomy_id":358,"taxonomy":"tribe_events_cat","description":"","parent":0,"count":307,"filter":"raw","id":358,"urls":{"self":"https:\/\/shalom.org.pl\/en\/wp-json\/tribe\/events\/v1\/categories\/358","collection":"https:\/\/shalom.org.pl\/en\/wp-json\/tribe\/events\/v1\/categories"}}],"tags":[],"venue":[],"organizer":[],"json_ld":{"@context":"http:\/\/schema.org","@type":"Event","name":"Zako\u0144czenie 18. Mi\u0119dzynarodowego Seminarium J\u0119zyka i Kultury Jidysz","description":"&lt;p&gt;Pi\u0105tkowy wiecz\u00f3r w CKJ by\u0142 wyj\u0105tkowy - kilkadziesi\u0105t os\u00f3b z kraj\u00f3w na kilku kontynentach spotka\u0142o si\u0119 online, by podsumowa\u0107 18. [&hellip;]&lt;\/p&gt;\\n","image":"https:\/\/shalom.org.pl\/wp-content\/uploads\/2020\/07\/Seminarium-zakonczenie-2020-4.jpg","url":"https:\/\/shalom.org.pl\/en\/event\/zakonczenie-18-miedzynarodowego-seminarium-jezyka-i-kultury-jidysz\/","eventAttendanceMode":"https:\/\/schema.org\/OfflineEventAttendanceMode","eventStatus":"https:\/\/schema.org\/EventScheduled","startDate":"2020-06-29T00:00:00+02:00","endDate":"2020-07-18T23:59:59+02:00","performer":"Organization"}}